{"id":10626,"date":"2023-04-21T17:24:47","date_gmt":"2023-04-21T17:24:47","guid":{"rendered":"https:\/\/microcubo.pt\/arte-urbano-microcubo-innovo-con-neumaticos-reciclados-en-urban-garden\/"},"modified":"2024-05-20T11:48:57","modified_gmt":"2024-05-20T11:48:57","slug":"arte-urbano-microcubo-innovo-con-neumaticos-reciclados-en-urban-garden","status":"publish","type":"post","link":"https:\/\/microcubo.pt\/es\/arte-urbano-microcubo-innovo-con-neumaticos-reciclados-en-urban-garden\/","title":{"rendered":"Arte Urbano: Microcubo innov\u00f3 con neum\u00e1ticos reciclados en Urban Garden"},"content":{"rendered":"\n<p>En busca de la sostenibilidad y la innovaci\u00f3n, Microcubo aporta una perspectiva diferente al arte urbano: el reciclaje de neum\u00e1ticos.<\/p>\n\n<p>Microcubo estuvo presente en la 4\u00aa feria profesional de equipamientos, productos y servicios para el medio ambiente urbano, ecol\u00f3gico y sostenible. Tuvo lugar del 16 al 18 de marzo, en Exponor, en Matosinhos\/Porto.<\/p>\n\n<p>Se presentaron varias propuestas y soluciones, basadas en la sostenibilidad y el entorno urbano, la reutilizaci\u00f3n de materiales pr\u00e1cticamente desechables o no convencionales, siendo los neum\u00e1ticos uno de los mayores destaques.<\/p>\n\n<p>Con una promoci\u00f3n dirigida a municipios y prescriptores, como arquitectos e ingenieros, Urban Garden busca dar a conocer a su p\u00fablico objetivo las novedades de las industrias creativas y poner en valor el patrimonio urbano y cultural portugu\u00e9s.<\/p>\n","protected":false},"excerpt":{"rendered":"<p>Microcubo aport\u00f3 una perspectiva diferente a Exponor, en Matosinhos\/Porto, del 16 al 18 de marzo. <\/p>\n","protected":false},"author":1,"featured_media":10640,"comment_status":"closed","ping_status":"open","sticky":false,"template":"","format":"standard","meta":{"footnotes":""},"categories":[118],"tags":[],"class_list":["post-10626","post","type-post","status-publish","format-standard","has-post-thumbnail","hentry","category-sin-categorizar"],"yoast_head":"<!-- This site is optimized with the Yoast SEO plugin v27.5 - https:\/\/yoast.com\/product\/yoast-seo-wordpress\/ -->\n<title>Arte Urbano: Microcubo innov\u00f3 con neum\u00e1ticos reciclados en Urban Garden - Microcubo<\/title>\n<meta name=\"robots\" content=\"index, follow, max-snippet:-1, max-image-preview:large, max-video-preview:-1\" \/>\n<link rel=\"canonical\" href=\"https:\/\/microcubo.pt\/es\/arte-urbano-microcubo-innovo-con-neumaticos-reciclados-en-urban-garden\/\" \/>\n<meta property=\"og:locale\" content=\"es_ES\" \/>\n<meta property=\"og:type\" content=\"article\" \/>\n<meta property=\"og:title\" content=\"Arte Urbano: Microcubo innov\u00f3 con neum\u00e1ticos reciclados en Urban Garden - Microcubo\" \/>\n<meta property=\"og:description\" content=\"Microcubo aport\u00f3 una perspectiva diferente a Exponor, en Matosinhos\/Porto, del 16 al 18 de marzo.\" \/>\n<meta property=\"og:url\" content=\"https:\/\/microcubo.pt\/es\/arte-urbano-microcubo-innovo-con-neumaticos-reciclados-en-urban-garden\/\" \/>\n<meta property=\"og:site_name\" content=\"Microcubo\" \/>\n<meta property=\"article:published_time\" content=\"2023-04-21T17:24:47+00:00\" \/>\n<meta property=\"article:modified_time\" content=\"2024-05-20T11:48:57+00:00\" \/>\n<meta property=\"og:image\" content=\"https:\/\/microcubo.pt\/wp-content\/uploads\/2023\/04\/microcubo-arte-urbana-scaled.jpg\" \/>\n\t<meta property=\"og:image:width\" content=\"2560\" \/>\n\t<meta property=\"og:image:height\" content=\"1920\" \/>\n\t<meta property=\"og:image:type\" content=\"image\/jpeg\" \/>\n<meta name=\"author\" content=\"mc_admin\" \/>\n<meta name=\"twitter:card\" content=\"summary_large_image\" \/>\n<meta name=\"twitter:label1\" content=\"Escrito por\" \/>\n\t<meta name=\"twitter:data1\" content=\"mc_admin\" \/>\n\t<meta name=\"twitter:label2\" content=\"Tiempo de lectura\" \/>\n\t<meta name=\"twitter:data2\" content=\"1 minuto\" \/>\n<script type=\"application\/ld+json\" class=\"yoast-schema-graph\">{\"@context\":\"https:\\\/\\\/schema.org\",\"@graph\":[{\"@type\":\"Article\",\"@id\":\"https:\\\/\\\/microcubo.pt\\\/es\\\/arte-urbano-microcubo-innovo-con-neumaticos-reciclados-en-urban-garden\\\/#article\",\"isPartOf\":{\"@id\":\"https:\\\/\\\/microcubo.pt\\\/es\\\/arte-urbano-microcubo-innovo-con-neumaticos-reciclados-en-urban-garden\\\/\"},\"author\":{\"name\":\"mc_admin\",\"@id\":\"https:\\\/\\\/microcubo.pt\\\/es\\\/#\\\/schema\\\/person\\\/ae73de787e85eeedd23ef8248fdef0b0\"},\"headline\":\"Arte Urbano: Microcubo innov\u00f3 con neum\u00e1ticos reciclados en Urban Garden\",\"datePublished\":\"2023-04-21T17:24:47+00:00\",\"dateModified\":\"2024-05-20T11:48:57+00:00\",\"mainEntityOfPage\":{\"@id\":\"https:\\\/\\\/microcubo.pt\\\/es\\\/arte-urbano-microcubo-innovo-con-neumaticos-reciclados-en-urban-garden\\\/\"},\"wordCount\":140,\"image\":{\"@id\":\"https:\\\/\\\/microcubo.pt\\\/es\\\/arte-urbano-microcubo-innovo-con-neumaticos-reciclados-en-urban-garden\\\/#primaryimage\"},\"thumbnailUrl\":\"https:\\\/\\\/microcubo.pt\\\/wp-content\\\/uploads\\\/2023\\\/04\\\/microcubo-arte-urbana-scaled.jpg\",\"articleSection\":[\"Sin categorizar\"],\"inLanguage\":\"es\"},{\"@type\":\"WebPage\",\"@id\":\"https:\\\/\\\/microcubo.pt\\\/es\\\/arte-urbano-microcubo-innovo-con-neumaticos-reciclados-en-urban-garden\\\/\",\"url\":\"https:\\\/\\\/microcubo.pt\\\/es\\\/arte-urbano-microcubo-innovo-con-neumaticos-reciclados-en-urban-garden\\\/\",\"name\":\"Arte Urbano: Microcubo innov\u00f3 con neum\u00e1ticos reciclados en Urban Garden - Microcubo\",\"isPartOf\":{\"@id\":\"https:\\\/\\\/microcubo.pt\\\/es\\\/#website\"},\"primaryImageOfPage\":{\"@id\":\"https:\\\/\\\/microcubo.pt\\\/es\\\/arte-urbano-microcubo-innovo-con-neumaticos-reciclados-en-urban-garden\\\/#primaryimage\"},\"image\":{\"@id\":\"https:\\\/\\\/microcubo.pt\\\/es\\\/arte-urbano-microcubo-innovo-con-neumaticos-reciclados-en-urban-garden\\\/#primaryimage\"},\"thumbnailUrl\":\"https:\\\/\\\/microcubo.pt\\\/wp-content\\\/uploads\\\/2023\\\/04\\\/microcubo-arte-urbana-scaled.jpg\",\"datePublished\":\"2023-04-21T17:24:47+00:00\",\"dateModified\":\"2024-05-20T11:48:57+00:00\",\"author\":{\"@id\":\"https:\\\/\\\/microcubo.pt\\\/es\\\/#\\\/schema\\\/person\\\/ae73de787e85eeedd23ef8248fdef0b0\"},\"breadcrumb\":{\"@id\":\"https:\\\/\\\/microcubo.pt\\\/es\\\/arte-urbano-microcubo-innovo-con-neumaticos-reciclados-en-urban-garden\\\/#breadcrumb\"},\"inLanguage\":\"es\",\"potentialAction\":[{\"@type\":\"ReadAction\",\"target\":[\"https:\\\/\\\/microcubo.pt\\\/es\\\/arte-urbano-microcubo-innovo-con-neumaticos-reciclados-en-urban-garden\\\/\"]}]},{\"@type\":\"ImageObject\",\"inLanguage\":\"es\",\"@id\":\"https:\\\/\\\/microcubo.pt\\\/es\\\/arte-urbano-microcubo-innovo-con-neumaticos-reciclados-en-urban-garden\\\/#primaryimage\",\"url\":\"https:\\\/\\\/microcubo.pt\\\/wp-content\\\/uploads\\\/2023\\\/04\\\/microcubo-arte-urbana-scaled.jpg\",\"contentUrl\":\"https:\\\/\\\/microcubo.pt\\\/wp-content\\\/uploads\\\/2023\\\/04\\\/microcubo-arte-urbana-scaled.jpg\",\"width\":2560,\"height\":1920},{\"@type\":\"BreadcrumbList\",\"@id\":\"https:\\\/\\\/microcubo.pt\\\/es\\\/arte-urbano-microcubo-innovo-con-neumaticos-reciclados-en-urban-garden\\\/#breadcrumb\",\"itemListElement\":[{\"@type\":\"ListItem\",\"position\":1,\"name\":\"casa\",\"item\":\"https:\\\/\\\/microcubo.pt\\\/es\\\/\"},{\"@type\":\"ListItem\",\"position\":2,\"name\":\"Arte Urbano: Microcubo innov\u00f3 con neum\u00e1ticos reciclados en Urban Garden\"}]},{\"@type\":\"WebSite\",\"@id\":\"https:\\\/\\\/microcubo.pt\\\/es\\\/#website\",\"url\":\"https:\\\/\\\/microcubo.pt\\\/es\\\/\",\"name\":\"Microcubo\",\"description\":\"\",\"potentialAction\":[{\"@type\":\"SearchAction\",\"target\":{\"@type\":\"EntryPoint\",\"urlTemplate\":\"https:\\\/\\\/microcubo.pt\\\/es\\\/?s={search_term_string}\"},\"query-input\":{\"@type\":\"PropertyValueSpecification\",\"valueRequired\":true,\"valueName\":\"search_term_string\"}}],\"inLanguage\":\"es\"},{\"@type\":\"Person\",\"@id\":\"https:\\\/\\\/microcubo.pt\\\/es\\\/#\\\/schema\\\/person\\\/ae73de787e85eeedd23ef8248fdef0b0\",\"name\":\"mc_admin\",\"image\":{\"@type\":\"ImageObject\",\"inLanguage\":\"es\",\"@id\":\"https:\\\/\\\/secure.gravatar.com\\\/avatar\\\/48bfedcf7bbaeb631a2ba93027df2eb311e826658f54e582ac7a07975bfef889?s=96&d=mm&r=g\",\"url\":\"https:\\\/\\\/secure.gravatar.com\\\/avatar\\\/48bfedcf7bbaeb631a2ba93027df2eb311e826658f54e582ac7a07975bfef889?s=96&d=mm&r=g\",\"contentUrl\":\"https:\\\/\\\/secure.gravatar.com\\\/avatar\\\/48bfedcf7bbaeb631a2ba93027df2eb311e826658f54e582ac7a07975bfef889?s=96&d=mm&r=g\",\"caption\":\"mc_admin\"},\"sameAs\":[\"https:\\\/\\\/microcubo.pt\"],\"url\":\"https:\\\/\\\/microcubo.pt\\\/es\\\/author\\\/mc_admin\\\/\"}]}<\/script>\n<!-- \/ Yoast SEO plugin. -->","yoast_head_json":{"title":"Arte Urbano: Microcubo innov\u00f3 con neum\u00e1ticos reciclados en Urban Garden - Microcubo","robots":{"index":"index","follow":"follow","max-snippet":"max-snippet:-1","max-image-preview":"max-image-preview:large","max-video-preview":"max-video-preview:-1"},"canonical":"https:\/\/microcubo.pt\/es\/arte-urbano-microcubo-innovo-con-neumaticos-reciclados-en-urban-garden\/","og_locale":"es_ES","og_type":"article","og_title":"Arte Urbano: Microcubo innov\u00f3 con neum\u00e1ticos reciclados en Urban Garden - Microcubo","og_description":"Microcubo aport\u00f3 una perspectiva diferente a Exponor, en Matosinhos\/Porto, del 16 al 18 de marzo.","og_url":"https:\/\/microcubo.pt\/es\/arte-urbano-microcubo-innovo-con-neumaticos-reciclados-en-urban-garden\/","og_site_name":"Microcubo","article_published_time":"2023-04-21T17:24:47+00:00","article_modified_time":"2024-05-20T11:48:57+00:00","og_image":[{"width":2560,"height":1920,"url":"https:\/\/microcubo.pt\/wp-content\/uploads\/2023\/04\/microcubo-arte-urbana-scaled.jpg","type":"image\/jpeg"}],"author":"mc_admin","twitter_card":"summary_large_image","twitter_misc":{"Escrito por":"mc_admin","Tiempo de lectura":"1 minuto"},"schema":{"@context":"https:\/\/schema.org","@graph":[{"@type":"Article","@id":"https:\/\/microcubo.pt\/es\/arte-urbano-microcubo-innovo-con-neumaticos-reciclados-en-urban-garden\/#article","isPartOf":{"@id":"https:\/\/microcubo.pt\/es\/arte-urbano-microcubo-innovo-con-neumaticos-reciclados-en-urban-garden\/"},"author":{"name":"mc_admin","@id":"https:\/\/microcubo.pt\/es\/#\/schema\/person\/ae73de787e85eeedd23ef8248fdef0b0"},"headline":"Arte Urbano: Microcubo innov\u00f3 con neum\u00e1ticos reciclados en Urban Garden","datePublished":"2023-04-21T17:24:47+00:00","dateModified":"2024-05-20T11:48:57+00:00","mainEntityOfPage":{"@id":"https:\/\/microcubo.pt\/es\/arte-urbano-microcubo-innovo-con-neumaticos-reciclados-en-urban-garden\/"},"wordCount":140,"image":{"@id":"https:\/\/microcubo.pt\/es\/arte-urbano-microcubo-innovo-con-neumaticos-reciclados-en-urban-garden\/#primaryimage"},"thumbnailUrl":"https:\/\/microcubo.pt\/wp-content\/uploads\/2023\/04\/microcubo-arte-urbana-scaled.jpg","articleSection":["Sin categorizar"],"inLanguage":"es"},{"@type":"WebPage","@id":"https:\/\/microcubo.pt\/es\/arte-urbano-microcubo-innovo-con-neumaticos-reciclados-en-urban-garden\/","url":"https:\/\/microcubo.pt\/es\/arte-urbano-microcubo-innovo-con-neumaticos-reciclados-en-urban-garden\/","name":"Arte Urbano: Microcubo innov\u00f3 con neum\u00e1ticos reciclados en Urban Garden - Microcubo","isPartOf":{"@id":"https:\/\/microcubo.pt\/es\/#website"},"primaryImageOfPage":{"@id":"https:\/\/microcubo.pt\/es\/arte-urbano-microcubo-innovo-con-neumaticos-reciclados-en-urban-garden\/#primaryimage"},"image":{"@id":"https:\/\/microcubo.pt\/es\/arte-urbano-microcubo-innovo-con-neumaticos-reciclados-en-urban-garden\/#primaryimage"},"thumbnailUrl":"https:\/\/microcubo.pt\/wp-content\/uploads\/2023\/04\/microcubo-arte-urbana-scaled.jpg","datePublished":"2023-04-21T17:24:47+00:00","dateModified":"2024-05-20T11:48:57+00:00","author":{"@id":"https:\/\/microcubo.pt\/es\/#\/schema\/person\/ae73de787e85eeedd23ef8248fdef0b0"},"breadcrumb":{"@id":"https:\/\/microcubo.pt\/es\/arte-urbano-microcubo-innovo-con-neumaticos-reciclados-en-urban-garden\/#breadcrumb"},"inLanguage":"es","potentialAction":[{"@type":"ReadAction","target":["https:\/\/microcubo.pt\/es\/arte-urbano-microcubo-innovo-con-neumaticos-reciclados-en-urban-garden\/"]}]},{"@type":"ImageObject","inLanguage":"es","@id":"https:\/\/microcubo.pt\/es\/arte-urbano-microcubo-innovo-con-neumaticos-reciclados-en-urban-garden\/#primaryimage","url":"https:\/\/microcubo.pt\/wp-content\/uploads\/2023\/04\/microcubo-arte-urbana-scaled.jpg","contentUrl":"https:\/\/microcubo.pt\/wp-content\/uploads\/2023\/04\/microcubo-arte-urbana-scaled.jpg","width":2560,"height":1920},{"@type":"BreadcrumbList","@id":"https:\/\/microcubo.pt\/es\/arte-urbano-microcubo-innovo-con-neumaticos-reciclados-en-urban-garden\/#breadcrumb","itemListElement":[{"@type":"ListItem","position":1,"name":"casa","item":"https:\/\/microcubo.pt\/es\/"},{"@type":"ListItem","position":2,"name":"Arte Urbano: Microcubo innov\u00f3 con neum\u00e1ticos reciclados en Urban Garden"}]},{"@type":"WebSite","@id":"https:\/\/microcubo.pt\/es\/#website","url":"https:\/\/microcubo.pt\/es\/","name":"Microcubo","description":"","potentialAction":[{"@type":"SearchAction","target":{"@type":"EntryPoint","urlTemplate":"https:\/\/microcubo.pt\/es\/?s={search_term_string}"},"query-input":{"@type":"PropertyValueSpecification","valueRequired":true,"valueName":"search_term_string"}}],"inLanguage":"es"},{"@type":"Person","@id":"https:\/\/microcubo.pt\/es\/#\/schema\/person\/ae73de787e85eeedd23ef8248fdef0b0","name":"mc_admin","image":{"@type":"ImageObject","inLanguage":"es","@id":"https:\/\/secure.gravatar.com\/avatar\/48bfedcf7bbaeb631a2ba93027df2eb311e826658f54e582ac7a07975bfef889?s=96&d=mm&r=g","url":"https:\/\/secure.gravatar.com\/avatar\/48bfedcf7bbaeb631a2ba93027df2eb311e826658f54e582ac7a07975bfef889?s=96&d=mm&r=g","contentUrl":"https:\/\/secure.gravatar.com\/avatar\/48bfedcf7bbaeb631a2ba93027df2eb311e826658f54e582ac7a07975bfef889?s=96&d=mm&r=g","caption":"mc_admin"},"sameAs":["https:\/\/microcubo.pt"],"url":"https:\/\/microcubo.pt\/es\/author\/mc_admin\/"}]}},"_links":{"self":[{"href":"https:\/\/microcubo.pt\/es\/wp-json\/wp\/v2\/posts\/10626","targetHints":{"allow":["GET"]}}],"collection":[{"href":"https:\/\/microcubo.pt\/es\/wp-json\/wp\/v2\/posts"}],"about":[{"href":"https:\/\/microcubo.pt\/es\/wp-json\/wp\/v2\/types\/post"}],"author":[{"embeddable":true,"href":"https:\/\/microcubo.pt\/es\/wp-json\/wp\/v2\/users\/1"}],"replies":[{"embeddable":true,"href":"https:\/\/microcubo.pt\/es\/wp-json\/wp\/v2\/comments?post=10626"}],"version-history":[{"count":4,"href":"https:\/\/microcubo.pt\/es\/wp-json\/wp\/v2\/posts\/10626\/revisions"}],"predecessor-version":[{"id":16441,"href":"https:\/\/microcubo.pt\/es\/wp-json\/wp\/v2\/posts\/10626\/revisions\/16441"}],"wp:featuredmedia":[{"embeddable":true,"href":"https:\/\/microcubo.pt\/es\/wp-json\/wp\/v2\/media\/10640"}],"wp:attachment":[{"href":"https:\/\/microcubo.pt\/es\/wp-json\/wp\/v2\/media?parent=10626"}],"wp:term":[{"taxonomy":"category","embeddable":true,"href":"https:\/\/microcubo.pt\/es\/wp-json\/wp\/v2\/categories?post=10626"},{"taxonomy":"post_tag","embeddable":true,"href":"https:\/\/microcubo.pt\/es\/wp-json\/wp\/v2\/tags?post=10626"}],"curies":[{"name":"wp","href":"https:\/\/api.w.org\/{rel}","templated":true}]}}