{"id":882,"count":7,"description":"","link":"https:\/\/microcubo.pt\/es\/coleccion-mobiliario-urbano\/pergolas-es\/","name":"Pergolas","slug":"pergolas-es","taxonomy":"product_cat","parent":0,"meta":[],"menu_order":15,"yoast_head":"<!-- This site is optimized with the Yoast SEO plugin v27.5 - https:\/\/yoast.com\/product\/yoast-seo-wordpress\/ -->\n<title>Pergolas archivos - Microcubo<\/title>\n<meta name=\"description\" content=\"As p\u00e9rgolas ideais para harmonizar o espa\u00e7o exterior est\u00e3o na microcubo. Conhe\u00e7a toda a nossa variada gama de p\u00e9rgolas aqui.\" \/>\n<meta name=\"robots\" content=\"index, follow, max-snippet:-1, max-image-preview:large, max-video-preview:-1\" \/>\n<link rel=\"canonical\" href=\"https:\/\/microcubo.pt\/es\/coleccion-mobiliario-urbano\/pergolas-es\/\" \/>\n<meta property=\"og:locale\" content=\"es_ES\" \/>\n<meta property=\"og:type\" content=\"article\" \/>\n<meta property=\"og:title\" content=\"Pergolas archivos - Microcubo\" \/>\n<meta property=\"og:description\" content=\"As p\u00e9rgolas ideais para harmonizar o espa\u00e7o exterior est\u00e3o na microcubo. Conhe\u00e7a toda a nossa variada gama de p\u00e9rgolas aqui.\" \/>\n<meta property=\"og:url\" content=\"https:\/\/microcubo.pt\/es\/coleccion-mobiliario-urbano\/pergolas-es\/\" \/>\n<meta property=\"og:site_name\" content=\"Microcubo\" \/>\n<meta property=\"og:image\" content=\"https:\/\/microcubo.pt\/wp-content\/uploads\/2022\/02\/qi-addons-for-elementor-placeholder.png\" \/>\n\t<meta property=\"og:image:width\" content=\"1\" \/>\n\t<meta property=\"og:image:height\" content=\"1\" \/>\n\t<meta property=\"og:image:type\" content=\"image\/png\" \/>\n<meta name=\"twitter:card\" content=\"summary_large_image\" \/>\n<meta name=\"twitter:image\" content=\"https:\/\/microcubo.pt\/wp-content\/uploads\/2022\/02\/qi-addons-for-elementor-placeholder.png\" \/>\n<script type=\"application\/ld+json\" class=\"yoast-schema-graph\">{\"@context\":\"https:\\\/\\\/schema.org\",\"@graph\":[{\"@type\":\"CollectionPage\",\"@id\":\"https:\\\/\\\/microcubo.pt\\\/es\\\/coleccion-mobiliario-urbano\\\/pergolas-es\\\/\",\"url\":\"https:\\\/\\\/microcubo.pt\\\/es\\\/coleccion-mobiliario-urbano\\\/pergolas-es\\\/\",\"name\":\"Pergolas archivos - Microcubo\",\"isPartOf\":{\"@id\":\"https:\\\/\\\/microcubo.pt\\\/es\\\/#website\"},\"description\":\"As p\u00e9rgolas ideais para harmonizar o espa\u00e7o exterior est\u00e3o na microcubo. Conhe\u00e7a toda a nossa variada gama de p\u00e9rgolas aqui.\",\"breadcrumb\":{\"@id\":\"https:\\\/\\\/microcubo.pt\\\/es\\\/coleccion-mobiliario-urbano\\\/pergolas-es\\\/#breadcrumb\"},\"inLanguage\":\"es\"},{\"@type\":\"BreadcrumbList\",\"@id\":\"https:\\\/\\\/microcubo.pt\\\/es\\\/coleccion-mobiliario-urbano\\\/pergolas-es\\\/#breadcrumb\",\"itemListElement\":[{\"@type\":\"ListItem\",\"position\":1,\"name\":\"casa\",\"item\":\"https:\\\/\\\/microcubo.pt\\\/es\\\/\"},{\"@type\":\"ListItem\",\"position\":2,\"name\":\"Pergolas\"}]},{\"@type\":\"WebSite\",\"@id\":\"https:\\\/\\\/microcubo.pt\\\/es\\\/#website\",\"url\":\"https:\\\/\\\/microcubo.pt\\\/es\\\/\",\"name\":\"Microcubo\",\"description\":\"\",\"potentialAction\":[{\"@type\":\"SearchAction\",\"target\":{\"@type\":\"EntryPoint\",\"urlTemplate\":\"https:\\\/\\\/microcubo.pt\\\/es\\\/?s={search_term_string}\"},\"query-input\":{\"@type\":\"PropertyValueSpecification\",\"valueRequired\":true,\"valueName\":\"search_term_string\"}}],\"inLanguage\":\"es\"}]}<\/script>\n<!-- \/ Yoast SEO plugin. -->","yoast_head_json":{"title":"Pergolas archivos - Microcubo","description":"As p\u00e9rgolas ideais para harmonizar o espa\u00e7o exterior est\u00e3o na microcubo. Conhe\u00e7a toda a nossa variada gama de p\u00e9rgolas aqui.","robots":{"index":"index","follow":"follow","max-snippet":"max-snippet:-1","max-image-preview":"max-image-preview:large","max-video-preview":"max-video-preview:-1"},"canonical":"https:\/\/microcubo.pt\/es\/coleccion-mobiliario-urbano\/pergolas-es\/","og_locale":"es_ES","og_type":"article","og_title":"Pergolas archivos - Microcubo","og_description":"As p\u00e9rgolas ideais para harmonizar o espa\u00e7o exterior est\u00e3o na microcubo. Conhe\u00e7a toda a nossa variada gama de p\u00e9rgolas aqui.","og_url":"https:\/\/microcubo.pt\/es\/coleccion-mobiliario-urbano\/pergolas-es\/","og_site_name":"Microcubo","og_image":[{"url":"https:\/\/microcubo.pt\/wp-content\/uploads\/2022\/02\/qi-addons-for-elementor-placeholder.png","width":1,"height":1,"type":"image\/png"}],"twitter_card":"summary_large_image","twitter_image":"https:\/\/microcubo.pt\/wp-content\/uploads\/2022\/02\/qi-addons-for-elementor-placeholder.png","schema":{"@context":"https:\/\/schema.org","@graph":[{"@type":"CollectionPage","@id":"https:\/\/microcubo.pt\/es\/coleccion-mobiliario-urbano\/pergolas-es\/","url":"https:\/\/microcubo.pt\/es\/coleccion-mobiliario-urbano\/pergolas-es\/","name":"Pergolas archivos - Microcubo","isPartOf":{"@id":"https:\/\/microcubo.pt\/es\/#website"},"description":"As p\u00e9rgolas ideais para harmonizar o espa\u00e7o exterior est\u00e3o na microcubo. Conhe\u00e7a toda a nossa variada gama de p\u00e9rgolas aqui.","breadcrumb":{"@id":"https:\/\/microcubo.pt\/es\/coleccion-mobiliario-urbano\/pergolas-es\/#breadcrumb"},"inLanguage":"es"},{"@type":"BreadcrumbList","@id":"https:\/\/microcubo.pt\/es\/coleccion-mobiliario-urbano\/pergolas-es\/#breadcrumb","itemListElement":[{"@type":"ListItem","position":1,"name":"casa","item":"https:\/\/microcubo.pt\/es\/"},{"@type":"ListItem","position":2,"name":"Pergolas"}]},{"@type":"WebSite","@id":"https:\/\/microcubo.pt\/es\/#website","url":"https:\/\/microcubo.pt\/es\/","name":"Microcubo","description":"","potentialAction":[{"@type":"SearchAction","target":{"@type":"EntryPoint","urlTemplate":"https:\/\/microcubo.pt\/es\/?s={search_term_string}"},"query-input":{"@type":"PropertyValueSpecification","valueRequired":true,"valueName":"search_term_string"}}],"inLanguage":"es"}]}},"_links":{"self":[{"href":"https:\/\/microcubo.pt\/es\/wp-json\/wp\/v2\/product_cat\/882","targetHints":{"allow":["GET"]}}],"collection":[{"href":"https:\/\/microcubo.pt\/es\/wp-json\/wp\/v2\/product_cat"}],"about":[{"href":"https:\/\/microcubo.pt\/es\/wp-json\/wp\/v2\/taxonomies\/product_cat"}],"wp:post_type":[{"href":"https:\/\/microcubo.pt\/es\/wp-json\/wp\/v2\/product?product_cat=882"}],"curies":[{"name":"wp","href":"https:\/\/api.w.org\/{rel}","templated":true}]}}